{"id":11567,"date":"2025-02-18T08:03:49","date_gmt":"2025-02-18T07:03:49","guid":{"rendered":"https:\/\/www.hotel-turist.hr\/dinko-tomasic-vom-restaurant-nobel-glanzte-in-rimini-silber-und-dritter-platz-in-europa\/"},"modified":"2025-02-18T08:06:33","modified_gmt":"2025-02-18T07:06:33","slug":"dinko-tomasic-vom-restaurant-nobel-glanzte-in-rimini-silber-und-dritter-platz-in-europa","status":"publish","type":"post","link":"https:\/\/www.hotel-turist.hr\/de\/dinko-tomasic-vom-restaurant-nobel-glanzte-in-rimini-silber-und-dritter-platz-in-europa\/","title":{"rendered":"Dinko Toma\u0161i\u0107 vom Restaurant Nobel gl\u00e4nzte in Rimini \u2013 Silber und dritter Platz in Europa!"},"content":{"rendered":"<h2>Dinko Toma\u0161i\u0107 vom Restaurant Nobel gl\u00e4nzte in Rimini \u2013 Silber und dritter Platz in Europa!<\/h2>\n<p><img fetchpriority=\"high\" decoding=\"async\" class=\"alignnone wp-image-11561\" src=\"http:\/\/www.hotel-turist.hr\/wp-content\/uploads\/2025\/02\/Dinko-300x300.png\" alt=\"\" width=\"350\" height=\"350\" srcset=\"https:\/\/www.hotel-turist.hr\/wp-content\/uploads\/2025\/02\/Dinko-300x300.png 300w, https:\/\/www.hotel-turist.hr\/wp-content\/uploads\/2025\/02\/Dinko-1024x1024.png 1024w, https:\/\/www.hotel-turist.hr\/wp-content\/uploads\/2025\/02\/Dinko-150x150.png 150w, https:\/\/www.hotel-turist.hr\/wp-content\/uploads\/2025\/02\/Dinko-768x768.png 768w, https:\/\/www.hotel-turist.hr\/wp-content\/uploads\/2025\/02\/Dinko.png 1080w\" sizes=\"(max-width: 350px) 100vw, 350px\" \/><\/p>\n<p>Dinko Toma\u0161i\u0107 von unserem <a href=\"https:\/\/www.hotel-turist.hr\/restoran-nobel\/\" target=\"_blank\" rel=\"noopener\">Restaurant Nobel<\/a> gewann im Halbfinale des prestigetr\u00e4chtigen Grand Prix von Europa 2025: Global Chefs Challenge, der vom 16. bis 19. Februar in Rimini stattfindet, die Silbermedaille in der Kategorie \u201eJunger Koch\u201c.  <\/p>\n<p>&nbsp;<\/p>\n<p>Mit diesem beeindruckenden Erfolg erreichte das Unternehmen auch den dritten Platz in der Gesamtwertung der Region Europa S\u00fcd.<\/p>\n<p>&nbsp;<\/p>\n<p>\u201eSeine Kreativit\u00e4t, Pr\u00e4zision und sein technisches K\u00f6nnen haben einmal mehr gezeigt, dass Kroatien \u00fcber talentierte junge K\u00f6che verf\u00fcgt, die f\u00fcr die anspruchsvollsten internationalen Wettbewerbe bereit sind\u201c, kommentierte der kroatische Kochverband Dinkos Ergebnis.<\/p>\n<p>&nbsp;<\/p>\n<p>F\u00fcr den Wettbewerb bereitete Dinko ein Hauptgericht aus Van Drie-Kalbfleisch (Filet und Leber) f\u00fcr vier Personen zu, wobei er jede Portion einzeln servierte. Die Gesamtzeit f\u00fcr die Zubereitung und das Servieren der Mahlzeit betrug 60 Minuten, zuz\u00fcglich 15 Minuten f\u00fcr die Mise en Place und 10 Minuten f\u00fcr das Reinigen des Arbeitsbereichs. <\/p>\n<p>&nbsp;<\/p>\n<p>Ein ebenso bemerkenswertes Ergebnis erzielten Patrik Prnjak und sein Assistent Burzeli\u0107 Josipa. In \u00e4u\u00dferst starker Konkurrenz gelang es ihnen, Silber und den dritten Platz in der Gesamtwertung der Region Europa S\u00fcd zu erringen. <\/p>\n<p>&nbsp;<\/p>\n<p>&#8211; Ihr Engagement, ihre Teamarbeit und ihr innovativer Ansatz bei der Zubereitung von Gerichten sind ein weiterer Beweis f\u00fcr die Qualit\u00e4t der kroatischen kulinarischen Szene. Diese gro\u00dfartigen Ergebnisse sind eine weitere Best\u00e4tigung der Arbeit und des Engagements kroatischer K\u00f6che, die ihr Land stolz auf der internationalen kulinarischen Szene vertreten. Die Aufregung und Vorfreude auf die Herausforderungen von morgen sind gro\u00df und ganz Kroatien steht seinen Vertretern zur Seite, unterst\u00fctzt sie und feuert sie f\u00fcr neue Erfolge an \u2013 erkl\u00e4rt der kroatische Kochverband.  <\/p>\n<p>&nbsp;<\/p>\n<p>Nochmals herzlichen Gl\u00fcckwunsch an unseren talentierten Koch Dinko Toma\u0161i\u0107 zu seinem hervorragenden Ergebnis beim von <a href=\"https:\/\/worldchefs.org\/\" target=\"_blank\" rel=\"noopener\">Worldchefs \u2013 World Association of Chefs Societies<\/a> organisierten Wettbewerb.<\/p>\n<p>&nbsp;<\/p>\n","protected":false},"excerpt":{"rendered":"<p>Dinko Toma\u0161i\u0107 vom Restaurant Nobel gl\u00e4nzte in Rimini \u2013 Silber und dritter Platz in Europa! Dinko Toma\u0161i\u0107 von unserem Restaurant Nobel gewann im Halbfinale des prestigetr\u00e4chtigen Grand Prix von Europa 2025: Global Chefs Challenge, der vom 16. bis 19. Februar in Rimini stattfindet, die Silbermedaille in der Kategorie \u201eJunger Koch\u201c. &nbsp; Mit diesem beeindruckenden Erfolg [&hellip;]<\/p>\n","protected":false},"author":4,"featured_media":11563,"comment_status":"closed","ping_status":"open","sticky":false,"template":"","format":"standard","meta":{"footnotes":""},"categories":[63,58,32],"tags":[182,90],"class_list":["post-11567","post","type-post","status-publish","format-standard","has-post-thumbnail","hentry","category-restaurant-de","category-nachrichten","category-unkategorisiert","tag-dinko-tomasic-de","tag-nobelrestaurant"],"yoast_head":"<!-- This site is optimized with the Yoast SEO plugin v27.2 - https:\/\/yoast.com\/product\/yoast-seo-wordpress\/ -->\n<title>Dinko Toma\u0161i\u0107 vom Restaurant Nobel gl\u00e4nzte in Rimini \u2013 Silber und dritter Platz in Europa! - Hotel Turist Vara\u017edin<\/title>\n<meta name=\"robots\" content=\"index, follow, max-snippet:-1, max-image-preview:large, max-video-preview:-1\" \/>\n<link rel=\"canonical\" href=\"https:\/\/www.hotel-turist.hr\/de\/dinko-tomasic-vom-restaurant-nobel-glanzte-in-rimini-silber-und-dritter-platz-in-europa\/\" \/>\n<meta property=\"og:locale\" content=\"de_DE\" \/>\n<meta property=\"og:type\" content=\"article\" \/>\n<meta property=\"og:title\" content=\"Dinko Toma\u0161i\u0107 vom Restaurant Nobel gl\u00e4nzte in Rimini \u2013 Silber und dritter Platz in Europa! - Hotel Turist Vara\u017edin\" \/>\n<meta property=\"og:description\" content=\"Dinko Toma\u0161i\u0107 vom Restaurant Nobel gl\u00e4nzte in Rimini \u2013 Silber und dritter Platz in Europa! Dinko Toma\u0161i\u0107 von unserem Restaurant Nobel gewann im Halbfinale des prestigetr\u00e4chtigen Grand Prix von Europa 2025: Global Chefs Challenge, der vom 16. bis 19. Februar in Rimini stattfindet, die Silbermedaille in der Kategorie \u201eJunger Koch\u201c. &nbsp; Mit diesem beeindruckenden Erfolg [&hellip;]\" \/>\n<meta property=\"og:url\" content=\"https:\/\/www.hotel-turist.hr\/de\/dinko-tomasic-vom-restaurant-nobel-glanzte-in-rimini-silber-und-dritter-platz-in-europa\/\" \/>\n<meta property=\"og:site_name\" content=\"Hotel Turist Vara\u017edin\" \/>\n<meta property=\"article:published_time\" content=\"2025-02-18T07:03:49+00:00\" \/>\n<meta property=\"article:modified_time\" content=\"2025-02-18T07:06:33+00:00\" \/>\n<meta property=\"og:image\" content=\"https:\/\/www.hotel-turist.hr\/wp-content\/uploads\/2025\/02\/Dinko.png\" \/>\n\t<meta property=\"og:image:width\" content=\"1080\" \/>\n\t<meta property=\"og:image:height\" content=\"1080\" \/>\n\t<meta property=\"og:image:type\" content=\"image\/png\" \/>\n<meta name=\"author\" content=\"Mia Kisicek\" \/>\n<meta name=\"twitter:card\" content=\"summary_large_image\" \/>\n<meta name=\"twitter:label1\" content=\"Verfasst von\" \/>\n\t<meta name=\"twitter:data1\" content=\"Mia Kisicek\" \/>\n\t<meta name=\"twitter:label2\" content=\"Gesch\u00e4tzte Lesezeit\" \/>\n\t<meta name=\"twitter:data2\" content=\"2\u00a0Minuten\" \/>\n<script type=\"application\/ld+json\" class=\"yoast-schema-graph\">{\"@context\":\"https:\/\/schema.org\",\"@graph\":[{\"@type\":\"Article\",\"@id\":\"https:\/\/www.hotel-turist.hr\/de\/dinko-tomasic-vom-restaurant-nobel-glanzte-in-rimini-silber-und-dritter-platz-in-europa\/#article\",\"isPartOf\":{\"@id\":\"https:\/\/www.hotel-turist.hr\/de\/dinko-tomasic-vom-restaurant-nobel-glanzte-in-rimini-silber-und-dritter-platz-in-europa\/\"},\"author\":{\"name\":\"Mia Kisicek\",\"@id\":\"https:\/\/www.hotel-turist.hr\/it\/#\/schema\/person\/bec904866cb7e055fbf6b0f9932f14d7\"},\"headline\":\"Dinko Toma\u0161i\u0107 vom Restaurant Nobel gl\u00e4nzte in Rimini \u2013 Silber und dritter Platz in Europa!\",\"datePublished\":\"2025-02-18T07:03:49+00:00\",\"dateModified\":\"2025-02-18T07:06:33+00:00\",\"mainEntityOfPage\":{\"@id\":\"https:\/\/www.hotel-turist.hr\/de\/dinko-tomasic-vom-restaurant-nobel-glanzte-in-rimini-silber-und-dritter-platz-in-europa\/\"},\"wordCount\":334,\"image\":{\"@id\":\"https:\/\/www.hotel-turist.hr\/de\/dinko-tomasic-vom-restaurant-nobel-glanzte-in-rimini-silber-und-dritter-platz-in-europa\/#primaryimage\"},\"thumbnailUrl\":\"https:\/\/www.hotel-turist.hr\/wp-content\/uploads\/2025\/02\/Dinko.png\",\"keywords\":[\"Dinko Tomasic\",\"Nobelrestaurant\"],\"articleSection\":[\"Restaurant\",\"Nachrichten\",\"Unkategorisiert\"],\"inLanguage\":\"de\"},{\"@type\":\"WebPage\",\"@id\":\"https:\/\/www.hotel-turist.hr\/de\/dinko-tomasic-vom-restaurant-nobel-glanzte-in-rimini-silber-und-dritter-platz-in-europa\/\",\"url\":\"https:\/\/www.hotel-turist.hr\/de\/dinko-tomasic-vom-restaurant-nobel-glanzte-in-rimini-silber-und-dritter-platz-in-europa\/\",\"name\":\"Dinko Toma\u0161i\u0107 vom Restaurant Nobel gl\u00e4nzte in Rimini \u2013 Silber und dritter Platz in Europa! - Hotel Turist Vara\u017edin\",\"isPartOf\":{\"@id\":\"https:\/\/www.hotel-turist.hr\/it\/#website\"},\"primaryImageOfPage\":{\"@id\":\"https:\/\/www.hotel-turist.hr\/de\/dinko-tomasic-vom-restaurant-nobel-glanzte-in-rimini-silber-und-dritter-platz-in-europa\/#primaryimage\"},\"image\":{\"@id\":\"https:\/\/www.hotel-turist.hr\/de\/dinko-tomasic-vom-restaurant-nobel-glanzte-in-rimini-silber-und-dritter-platz-in-europa\/#primaryimage\"},\"thumbnailUrl\":\"https:\/\/www.hotel-turist.hr\/wp-content\/uploads\/2025\/02\/Dinko.png\",\"datePublished\":\"2025-02-18T07:03:49+00:00\",\"dateModified\":\"2025-02-18T07:06:33+00:00\",\"author\":{\"@id\":\"https:\/\/www.hotel-turist.hr\/it\/#\/schema\/person\/bec904866cb7e055fbf6b0f9932f14d7\"},\"breadcrumb\":{\"@id\":\"https:\/\/www.hotel-turist.hr\/de\/dinko-tomasic-vom-restaurant-nobel-glanzte-in-rimini-silber-und-dritter-platz-in-europa\/#breadcrumb\"},\"inLanguage\":\"de\",\"potentialAction\":[{\"@type\":\"ReadAction\",\"target\":[\"https:\/\/www.hotel-turist.hr\/de\/dinko-tomasic-vom-restaurant-nobel-glanzte-in-rimini-silber-und-dritter-platz-in-europa\/\"]}]},{\"@type\":\"ImageObject\",\"inLanguage\":\"de\",\"@id\":\"https:\/\/www.hotel-turist.hr\/de\/dinko-tomasic-vom-restaurant-nobel-glanzte-in-rimini-silber-und-dritter-platz-in-europa\/#primaryimage\",\"url\":\"https:\/\/www.hotel-turist.hr\/wp-content\/uploads\/2025\/02\/Dinko.png\",\"contentUrl\":\"https:\/\/www.hotel-turist.hr\/wp-content\/uploads\/2025\/02\/Dinko.png\",\"width\":1080,\"height\":1080,\"caption\":\"Dinko Toma\u0161i\u0107\"},{\"@type\":\"BreadcrumbList\",\"@id\":\"https:\/\/www.hotel-turist.hr\/de\/dinko-tomasic-vom-restaurant-nobel-glanzte-in-rimini-silber-und-dritter-platz-in-europa\/#breadcrumb\",\"itemListElement\":[{\"@type\":\"ListItem\",\"position\":1,\"name\":\"Po\u010detna stranica\",\"item\":\"https:\/\/www.hotel-turist.hr\/de\/\"},{\"@type\":\"ListItem\",\"position\":2,\"name\":\"Dinko Toma\u0161i\u0107 vom Restaurant Nobel gl\u00e4nzte in Rimini \u2013 Silber und dritter Platz in Europa!\"}]},{\"@type\":\"WebSite\",\"@id\":\"https:\/\/www.hotel-turist.hr\/it\/#website\",\"url\":\"https:\/\/www.hotel-turist.hr\/it\/\",\"name\":\"Hotel Turist Vara\u017edin\",\"description\":\"\",\"potentialAction\":[{\"@type\":\"SearchAction\",\"target\":{\"@type\":\"EntryPoint\",\"urlTemplate\":\"https:\/\/www.hotel-turist.hr\/it\/?s={search_term_string}\"},\"query-input\":{\"@type\":\"PropertyValueSpecification\",\"valueRequired\":true,\"valueName\":\"search_term_string\"}}],\"inLanguage\":\"de\"},{\"@type\":\"Person\",\"@id\":\"https:\/\/www.hotel-turist.hr\/it\/#\/schema\/person\/bec904866cb7e055fbf6b0f9932f14d7\",\"name\":\"Mia Kisicek\",\"url\":\"https:\/\/www.hotel-turist.hr\/de\/author\/miakisicek\/\"}]}<\/script>\n<!-- \/ Yoast SEO plugin. -->","yoast_head_json":{"title":"Dinko Toma\u0161i\u0107 vom Restaurant Nobel gl\u00e4nzte in Rimini \u2013 Silber und dritter Platz in Europa! - Hotel Turist Vara\u017edin","robots":{"index":"index","follow":"follow","max-snippet":"max-snippet:-1","max-image-preview":"max-image-preview:large","max-video-preview":"max-video-preview:-1"},"canonical":"https:\/\/www.hotel-turist.hr\/de\/dinko-tomasic-vom-restaurant-nobel-glanzte-in-rimini-silber-und-dritter-platz-in-europa\/","og_locale":"de_DE","og_type":"article","og_title":"Dinko Toma\u0161i\u0107 vom Restaurant Nobel gl\u00e4nzte in Rimini \u2013 Silber und dritter Platz in Europa! - Hotel Turist Vara\u017edin","og_description":"Dinko Toma\u0161i\u0107 vom Restaurant Nobel gl\u00e4nzte in Rimini \u2013 Silber und dritter Platz in Europa! Dinko Toma\u0161i\u0107 von unserem Restaurant Nobel gewann im Halbfinale des prestigetr\u00e4chtigen Grand Prix von Europa 2025: Global Chefs Challenge, der vom 16. bis 19. Februar in Rimini stattfindet, die Silbermedaille in der Kategorie \u201eJunger Koch\u201c. &nbsp; Mit diesem beeindruckenden Erfolg [&hellip;]","og_url":"https:\/\/www.hotel-turist.hr\/de\/dinko-tomasic-vom-restaurant-nobel-glanzte-in-rimini-silber-und-dritter-platz-in-europa\/","og_site_name":"Hotel Turist Vara\u017edin","article_published_time":"2025-02-18T07:03:49+00:00","article_modified_time":"2025-02-18T07:06:33+00:00","og_image":[{"width":1080,"height":1080,"url":"https:\/\/www.hotel-turist.hr\/wp-content\/uploads\/2025\/02\/Dinko.png","type":"image\/png"}],"author":"Mia Kisicek","twitter_card":"summary_large_image","twitter_misc":{"Verfasst von":"Mia Kisicek","Gesch\u00e4tzte Lesezeit":"2\u00a0Minuten"},"schema":{"@context":"https:\/\/schema.org","@graph":[{"@type":"Article","@id":"https:\/\/www.hotel-turist.hr\/de\/dinko-tomasic-vom-restaurant-nobel-glanzte-in-rimini-silber-und-dritter-platz-in-europa\/#article","isPartOf":{"@id":"https:\/\/www.hotel-turist.hr\/de\/dinko-tomasic-vom-restaurant-nobel-glanzte-in-rimini-silber-und-dritter-platz-in-europa\/"},"author":{"name":"Mia Kisicek","@id":"https:\/\/www.hotel-turist.hr\/it\/#\/schema\/person\/bec904866cb7e055fbf6b0f9932f14d7"},"headline":"Dinko Toma\u0161i\u0107 vom Restaurant Nobel gl\u00e4nzte in Rimini \u2013 Silber und dritter Platz in Europa!","datePublished":"2025-02-18T07:03:49+00:00","dateModified":"2025-02-18T07:06:33+00:00","mainEntityOfPage":{"@id":"https:\/\/www.hotel-turist.hr\/de\/dinko-tomasic-vom-restaurant-nobel-glanzte-in-rimini-silber-und-dritter-platz-in-europa\/"},"wordCount":334,"image":{"@id":"https:\/\/www.hotel-turist.hr\/de\/dinko-tomasic-vom-restaurant-nobel-glanzte-in-rimini-silber-und-dritter-platz-in-europa\/#primaryimage"},"thumbnailUrl":"https:\/\/www.hotel-turist.hr\/wp-content\/uploads\/2025\/02\/Dinko.png","keywords":["Dinko Tomasic","Nobelrestaurant"],"articleSection":["Restaurant","Nachrichten","Unkategorisiert"],"inLanguage":"de"},{"@type":"WebPage","@id":"https:\/\/www.hotel-turist.hr\/de\/dinko-tomasic-vom-restaurant-nobel-glanzte-in-rimini-silber-und-dritter-platz-in-europa\/","url":"https:\/\/www.hotel-turist.hr\/de\/dinko-tomasic-vom-restaurant-nobel-glanzte-in-rimini-silber-und-dritter-platz-in-europa\/","name":"Dinko Toma\u0161i\u0107 vom Restaurant Nobel gl\u00e4nzte in Rimini \u2013 Silber und dritter Platz in Europa! - Hotel Turist Vara\u017edin","isPartOf":{"@id":"https:\/\/www.hotel-turist.hr\/it\/#website"},"primaryImageOfPage":{"@id":"https:\/\/www.hotel-turist.hr\/de\/dinko-tomasic-vom-restaurant-nobel-glanzte-in-rimini-silber-und-dritter-platz-in-europa\/#primaryimage"},"image":{"@id":"https:\/\/www.hotel-turist.hr\/de\/dinko-tomasic-vom-restaurant-nobel-glanzte-in-rimini-silber-und-dritter-platz-in-europa\/#primaryimage"},"thumbnailUrl":"https:\/\/www.hotel-turist.hr\/wp-content\/uploads\/2025\/02\/Dinko.png","datePublished":"2025-02-18T07:03:49+00:00","dateModified":"2025-02-18T07:06:33+00:00","author":{"@id":"https:\/\/www.hotel-turist.hr\/it\/#\/schema\/person\/bec904866cb7e055fbf6b0f9932f14d7"},"breadcrumb":{"@id":"https:\/\/www.hotel-turist.hr\/de\/dinko-tomasic-vom-restaurant-nobel-glanzte-in-rimini-silber-und-dritter-platz-in-europa\/#breadcrumb"},"inLanguage":"de","potentialAction":[{"@type":"ReadAction","target":["https:\/\/www.hotel-turist.hr\/de\/dinko-tomasic-vom-restaurant-nobel-glanzte-in-rimini-silber-und-dritter-platz-in-europa\/"]}]},{"@type":"ImageObject","inLanguage":"de","@id":"https:\/\/www.hotel-turist.hr\/de\/dinko-tomasic-vom-restaurant-nobel-glanzte-in-rimini-silber-und-dritter-platz-in-europa\/#primaryimage","url":"https:\/\/www.hotel-turist.hr\/wp-content\/uploads\/2025\/02\/Dinko.png","contentUrl":"https:\/\/www.hotel-turist.hr\/wp-content\/uploads\/2025\/02\/Dinko.png","width":1080,"height":1080,"caption":"Dinko Toma\u0161i\u0107"},{"@type":"BreadcrumbList","@id":"https:\/\/www.hotel-turist.hr\/de\/dinko-tomasic-vom-restaurant-nobel-glanzte-in-rimini-silber-und-dritter-platz-in-europa\/#breadcrumb","itemListElement":[{"@type":"ListItem","position":1,"name":"Po\u010detna stranica","item":"https:\/\/www.hotel-turist.hr\/de\/"},{"@type":"ListItem","position":2,"name":"Dinko Toma\u0161i\u0107 vom Restaurant Nobel gl\u00e4nzte in Rimini \u2013 Silber und dritter Platz in Europa!"}]},{"@type":"WebSite","@id":"https:\/\/www.hotel-turist.hr\/it\/#website","url":"https:\/\/www.hotel-turist.hr\/it\/","name":"Hotel Turist Vara\u017edin","description":"","potentialAction":[{"@type":"SearchAction","target":{"@type":"EntryPoint","urlTemplate":"https:\/\/www.hotel-turist.hr\/it\/?s={search_term_string}"},"query-input":{"@type":"PropertyValueSpecification","valueRequired":true,"valueName":"search_term_string"}}],"inLanguage":"de"},{"@type":"Person","@id":"https:\/\/www.hotel-turist.hr\/it\/#\/schema\/person\/bec904866cb7e055fbf6b0f9932f14d7","name":"Mia Kisicek","url":"https:\/\/www.hotel-turist.hr\/de\/author\/miakisicek\/"}]}},"_links":{"self":[{"href":"https:\/\/www.hotel-turist.hr\/de\/wp-json\/wp\/v2\/posts\/11567","targetHints":{"allow":["GET"]}}],"collection":[{"href":"https:\/\/www.hotel-turist.hr\/de\/wp-json\/wp\/v2\/posts"}],"about":[{"href":"https:\/\/www.hotel-turist.hr\/de\/wp-json\/wp\/v2\/types\/post"}],"author":[{"embeddable":true,"href":"https:\/\/www.hotel-turist.hr\/de\/wp-json\/wp\/v2\/users\/4"}],"replies":[{"embeddable":true,"href":"https:\/\/www.hotel-turist.hr\/de\/wp-json\/wp\/v2\/comments?post=11567"}],"version-history":[{"count":2,"href":"https:\/\/www.hotel-turist.hr\/de\/wp-json\/wp\/v2\/posts\/11567\/revisions"}],"predecessor-version":[{"id":11577,"href":"https:\/\/www.hotel-turist.hr\/de\/wp-json\/wp\/v2\/posts\/11567\/revisions\/11577"}],"wp:featuredmedia":[{"embeddable":true,"href":"https:\/\/www.hotel-turist.hr\/de\/wp-json\/wp\/v2\/media\/11563"}],"wp:attachment":[{"href":"https:\/\/www.hotel-turist.hr\/de\/wp-json\/wp\/v2\/media?parent=11567"}],"wp:term":[{"taxonomy":"category","embeddable":true,"href":"https:\/\/www.hotel-turist.hr\/de\/wp-json\/wp\/v2\/categories?post=11567"},{"taxonomy":"post_tag","embeddable":true,"href":"https:\/\/www.hotel-turist.hr\/de\/wp-json\/wp\/v2\/tags?post=11567"}],"curies":[{"name":"wp","href":"https:\/\/api.w.org\/{rel}","templated":true}]}}